{"id":755,"date":"2021-10-24T11:24:05","date_gmt":"2021-10-24T11:24:05","guid":{"rendered":"http:\/\/villareal.se\/hemsida\/?p=755"},"modified":"2021-10-24T11:24:05","modified_gmt":"2021-10-24T11:24:05","slug":"kan-vi-hjalpas-at","status":"publish","type":"post","link":"http:\/\/villareal.se\/hemsida\/kan-vi-hjalpas-at\/","title":{"rendered":"Kan vi hj\u00e4lpas \u00e5t?"},"content":{"rendered":"<p><strong>Kan vi hj\u00e4lpas \u00e5t?<br \/>\n<\/strong>I grunden \u00e4r det positivt att m\u00e5nga av oss cyklar, det \u00e4r b\u00e5de sunt och<br \/>\nmilj\u00f6v\u00e4nligt, men vi har i f\u00f6reningen ett dilemma g\u00e4llande cykel- och<br \/>\nmopedparkering. Detta \u00e4r styrelsen medveten om och h\u00e5ller<br \/>\np\u00e5 att diskutera olika l\u00f6sningar.<\/p>\n<p>Under tiden beh\u00f6ver vi parkera cyklar och mopeder s\u00e5 att det<br \/>\ninte blir farligt eller besv\u00e4rligt att r\u00f6ra sig i och k\u00f6ra i utrymmen d\u00e4r vi<br \/>\nparkerar fordon. Uppmaningen \u00e4r att alla i f\u00f6rsta hand st\u00e4ller<br \/>\ncykel och\/eller moped i cykel f\u00f6rr\u00e5d, cykelst\u00e4ll p\u00e5 g\u00e5rden eller<br \/>\np\u00e5 egen bilparkeringsplats. Som det \u00e4r nu st\u00e5r det cyklar och<br \/>\nmopeder i och utanf\u00f6r rutan m\u00e4rkt MC vid 8:ans ing\u00e5ng.<br \/>\nOfta st\u00e5r det b\u00e5de cyklar och mopeder l\u00e5ngt ut i garaget, vilket f\u00f6rs\u00e4mrar framkomligheten.<\/p>\n<p>Om alla som inte anv\u00e4nder cykel dagligdags och som inte har<br \/>\negen bilparkeringsplats, kan t\u00e4nka sig att parkera sina<br \/>\ncyklar\/mopeder i cykel f\u00f6rr\u00e5d eller cykelst\u00e4ll p\u00e5 g\u00e5rden,<br \/>\ns\u00e5 kanske vi kan g\u00f6ra\u00a0framkomligheten b\u00e4ttre, tills vi lyckats hitta en bra l\u00f6sning.<\/p>\n<p><strong>Uppmaningen \u00e4r allts\u00e5:<\/strong><br \/>\n<strong>Om du inte anv\u00e4nder din cykel\/moped dagligdags, flytta den till<\/strong><br \/>\n<strong>cykel f\u00f6rr\u00e5d, cykelst\u00e4ll p\u00e5 g\u00e5rden eller egen parkeringsplats, s\u00e5 att endast<\/strong><br \/>\n<strong>de cyklar och mopeder som anv\u00e4nds dagligen st\u00e5r i rutan m\u00e4rkt MC.<\/strong><br \/>\n<strong>Vi hoppas att ni \u00e4r med p\u00e5 att prova den h\u00e4r l\u00f6sningen s\u00e5 l\u00e4nge.<\/strong><\/p>\n<p><strong><br \/>\n<\/strong>Styrelsen Villa Real<\/p>\n","protected":false},"excerpt":{"rendered":"<p>Kan vi hj\u00e4lpas \u00e5t? I grunden \u00e4r det positivt att m\u00e5nga av oss cyklar, det \u00e4r b\u00e5de sunt och milj\u00f6v\u00e4nligt, men vi har i f\u00f6reningen ett dilemma g\u00e4llande cykel- och mopedparkering. Detta \u00e4r styrelsen medveten om och h\u00e5ller p\u00e5 att diskutera olika l\u00f6sningar. Under tiden beh\u00f6ver vi parkera cyklar och mopeder s\u00e5 att det inte &#8230; <span class=\"more\"><a class=\"more-link\" href=\"http:\/\/villareal.se\/hemsida\/kan-vi-hjalpas-at\/\">[L\u00e4s mer&#8230;]<\/a><\/span><\/p>\n","protected":false},"author":2,"featured_media":0,"comment_status":"closed","ping_status":"closed","sticky":false,"template":"","format":"standard","meta":[],"categories":[1],"tags":[],"_links":{"self":[{"href":"http:\/\/villareal.se\/hemsida\/wp-json\/wp\/v2\/posts\/755"}],"collection":[{"href":"http:\/\/villareal.se\/hemsida\/wp-json\/wp\/v2\/posts"}],"about":[{"href":"http:\/\/villareal.se\/hemsida\/wp-json\/wp\/v2\/types\/post"}],"author":[{"embeddable":true,"href":"http:\/\/villareal.se\/hemsida\/wp-json\/wp\/v2\/users\/2"}],"replies":[{"embeddable":true,"href":"http:\/\/villareal.se\/hemsida\/wp-json\/wp\/v2\/comments?post=755"}],"version-history":[{"count":7,"href":"http:\/\/villareal.se\/hemsida\/wp-json\/wp\/v2\/posts\/755\/revisions"}],"predecessor-version":[{"id":762,"href":"http:\/\/villareal.se\/hemsida\/wp-json\/wp\/v2\/posts\/755\/revisions\/762"}],"wp:attachment":[{"href":"http:\/\/villareal.se\/hemsida\/wp-json\/wp\/v2\/media?parent=755"}],"wp:term":[{"taxonomy":"category","embeddable":true,"href":"http:\/\/villareal.se\/hemsida\/wp-json\/wp\/v2\/categories?post=755"},{"taxonomy":"post_tag","embeddable":true,"href":"http:\/\/villareal.se\/hemsida\/wp-json\/wp\/v2\/tags?post=755"}],"curies":[{"name":"wp","href":"https:\/\/api.w.org\/{rel}","templated":true}]}}