{"id":695,"date":"2021-03-26T08:08:50","date_gmt":"2021-03-26T08:08:50","guid":{"rendered":"http:\/\/villareal.se\/hemsida\/?p=695"},"modified":"2021-03-26T08:08:50","modified_gmt":"2021-03-26T08:08:50","slug":"samarbetsavtal-mellan-brf-villa-real-och-brf-henrik","status":"publish","type":"post","link":"http:\/\/villareal.se\/hemsida\/samarbetsavtal-mellan-brf-villa-real-och-brf-henrik\/","title":{"rendered":"Samarbetsavtal mellan brf Villa Real och brf Henrik"},"content":{"rendered":"<p>Samarbetsavtal har uppr\u00e4ttats mellan brf Villa\u00a0 Real och brf Henrik g\u00e4llande innerg\u00e5rden\u00a0som vi har tillsammans.<\/p>\n<p>Avtalet och m\u00f6tesprotokoll finns att l\u00e4sa p\u00e5 <a href=\"http:\/\/villareal.se\/hemsida\/dokument-medlemmar\/#elf_l1_Lw\">dokument-medlemmar<\/a><\/p>\n<p>&nbsp;<\/p>\n<p>&nbsp;<\/p>\n","protected":false},"excerpt":{"rendered":"<p>Samarbetsavtal har uppr\u00e4ttats mellan brf Villa\u00a0 Real och brf Henrik g\u00e4llande innerg\u00e5rden\u00a0som vi har tillsammans. Avtalet och m\u00f6tesprotokoll finns att l\u00e4sa p\u00e5 dokument-medlemmar &nbsp; &nbsp;<\/p>\n","protected":false},"author":2,"featured_media":0,"comment_status":"closed","ping_status":"closed","sticky":false,"template":"","format":"standard","meta":[],"categories":[1],"tags":[],"_links":{"self":[{"href":"http:\/\/villareal.se\/hemsida\/wp-json\/wp\/v2\/posts\/695"}],"collection":[{"href":"http:\/\/villareal.se\/hemsida\/wp-json\/wp\/v2\/posts"}],"about":[{"href":"http:\/\/villareal.se\/hemsida\/wp-json\/wp\/v2\/types\/post"}],"author":[{"embeddable":true,"href":"http:\/\/villareal.se\/hemsida\/wp-json\/wp\/v2\/users\/2"}],"replies":[{"embeddable":true,"href":"http:\/\/villareal.se\/hemsida\/wp-json\/wp\/v2\/comments?post=695"}],"version-history":[{"count":4,"href":"http:\/\/villareal.se\/hemsida\/wp-json\/wp\/v2\/posts\/695\/revisions"}],"predecessor-version":[{"id":699,"href":"http:\/\/villareal.se\/hemsida\/wp-json\/wp\/v2\/posts\/695\/revisions\/699"}],"wp:attachment":[{"href":"http:\/\/villareal.se\/hemsida\/wp-json\/wp\/v2\/media?parent=695"}],"wp:term":[{"taxonomy":"category","embeddable":true,"href":"http:\/\/villareal.se\/hemsida\/wp-json\/wp\/v2\/categories?post=695"},{"taxonomy":"post_tag","embeddable":true,"href":"http:\/\/villareal.se\/hemsida\/wp-json\/wp\/v2\/tags?post=695"}],"curies":[{"name":"wp","href":"https:\/\/api.w.org\/{rel}","templated":true}]}}