{"id":563,"date":"2019-12-20T08:13:40","date_gmt":"2019-12-20T08:13:40","guid":{"rendered":"http:\/\/villareal.se\/hemsida\/?p=563"},"modified":"2022-12-13T13:29:10","modified_gmt":"2022-12-13T13:29:10","slug":"information-fran-styrelsen","status":"publish","type":"post","link":"http:\/\/villareal.se\/hemsida\/information-fran-styrelsen\/","title":{"rendered":"Information fr\u00e5n styrelsen ang\u00e5ende ladd platser"},"content":{"rendered":"<p>&nbsp;<\/p>\n<p><strong><u>Nu \u00e4r laddinstallationerna i garaget installerade och klara!\u00a0<\/u><\/strong><\/p>\n<p><em>Uppdaterat December 2022<\/em><\/p>\n<p>Nu \u00e4r v\u00e5ra 6 stycken laddpunkter monterade och klara i garaget.<\/p>\n<p>Kontakta styrelsen om du \u00e4r intresserad av en garageplats med laddm\u00f6jlighet.<\/p>\n<p>Kostnaden f\u00f6r laddm\u00f6jlighet \u00e4r kr 300,- per m\u00e5nad inklusive moms kr 3:25 per kWh inklusive moms.<\/p>\n<p>Den inneb\u00e4r att totalkostnaden f\u00f6r en garageplats \u00e4r kr 900,- per m\u00e5nad inklusive moms + elf\u00f6rbrukningen.<\/p>\n<p>Elf\u00f6rbrukningen fakturas separat m\u00e5nadsvis<\/p>\n<p>Styrelsen Brf Villa Real<\/p>\n","protected":false},"excerpt":{"rendered":"<p>&nbsp; Nu \u00e4r laddinstallationerna i garaget installerade och klara!\u00a0 Uppdaterat December 2022 Nu \u00e4r v\u00e5ra 6 stycken laddpunkter monterade och klara i garaget. Kontakta styrelsen om du \u00e4r intresserad av en garageplats med laddm\u00f6jlighet. Kostnaden f\u00f6r laddm\u00f6jlighet \u00e4r kr 300,- per m\u00e5nad inklusive moms kr 3:25 per kWh inklusive moms. Den inneb\u00e4r att totalkostnaden f\u00f6r &#8230; <span class=\"more\"><a class=\"more-link\" href=\"http:\/\/villareal.se\/hemsida\/information-fran-styrelsen\/\">[L\u00e4s mer&#8230;]<\/a><\/span><\/p>\n","protected":false},"author":2,"featured_media":0,"comment_status":"closed","ping_status":"closed","sticky":false,"template":"","format":"standard","meta":[],"categories":[1],"tags":[],"_links":{"self":[{"href":"http:\/\/villareal.se\/hemsida\/wp-json\/wp\/v2\/posts\/563"}],"collection":[{"href":"http:\/\/villareal.se\/hemsida\/wp-json\/wp\/v2\/posts"}],"about":[{"href":"http:\/\/villareal.se\/hemsida\/wp-json\/wp\/v2\/types\/post"}],"author":[{"embeddable":true,"href":"http:\/\/villareal.se\/hemsida\/wp-json\/wp\/v2\/users\/2"}],"replies":[{"embeddable":true,"href":"http:\/\/villareal.se\/hemsida\/wp-json\/wp\/v2\/comments?post=563"}],"version-history":[{"count":7,"href":"http:\/\/villareal.se\/hemsida\/wp-json\/wp\/v2\/posts\/563\/revisions"}],"predecessor-version":[{"id":810,"href":"http:\/\/villareal.se\/hemsida\/wp-json\/wp\/v2\/posts\/563\/revisions\/810"}],"wp:attachment":[{"href":"http:\/\/villareal.se\/hemsida\/wp-json\/wp\/v2\/media?parent=563"}],"wp:term":[{"taxonomy":"category","embeddable":true,"href":"http:\/\/villareal.se\/hemsida\/wp-json\/wp\/v2\/categories?post=563"},{"taxonomy":"post_tag","embeddable":true,"href":"http:\/\/villareal.se\/hemsida\/wp-json\/wp\/v2\/tags?post=563"}],"curies":[{"name":"wp","href":"https:\/\/api.w.org\/{rel}","templated":true}]}}