{"id":50,"date":"2017-02-01T20:00:13","date_gmt":"2017-02-01T20:00:13","guid":{"rendered":"http:\/\/villareal.se\/hemsida\/?p=50"},"modified":"2017-02-04T15:39:28","modified_gmt":"2017-02-04T15:39:28","slug":"bredband-tv-telefon","status":"publish","type":"post","link":"http:\/\/villareal.se\/hemsida\/bredband-tv-telefon\/","title":{"rendered":"Bredband \/ TV \/ Telefon"},"content":{"rendered":"<p><span style=\"color: #000000; font-size: small;\">F\u00f6reningen har tecknat ett avtal med Telia som levererar tj\u00e4nster som digital-tv (Varje l\u00e4genhet har 2 boxar med Telias kanalpaket Kollektiv Lagom, bredband 10-100 mbit\/s och bredbandstelefoni.) Se Telias information under Dokument\/Bilder_ Dokument-Allm\u00e4nt<\/span><\/p>\n","protected":false},"excerpt":{"rendered":"<p>F\u00f6reningen har tecknat ett avtal med Telia som levererar tj\u00e4nster som digital-tv (Varje l\u00e4genhet har 2 boxar med Telias kanalpaket Kollektiv Lagom, bredband 10-100 mbit\/s och bredbandstelefoni.) Se Telias information under Dokument\/Bilder_ Dokument-Allm\u00e4nt<\/p>\n","protected":false},"author":1,"featured_media":0,"comment_status":"closed","ping_status":"closed","sticky":false,"template":"","format":"standard","meta":[],"categories":[7],"tags":[],"_links":{"self":[{"href":"http:\/\/villareal.se\/hemsida\/wp-json\/wp\/v2\/posts\/50"}],"collection":[{"href":"http:\/\/villareal.se\/hemsida\/wp-json\/wp\/v2\/posts"}],"about":[{"href":"http:\/\/villareal.se\/hemsida\/wp-json\/wp\/v2\/types\/post"}],"author":[{"embeddable":true,"href":"http:\/\/villareal.se\/hemsida\/wp-json\/wp\/v2\/users\/1"}],"replies":[{"embeddable":true,"href":"http:\/\/villareal.se\/hemsida\/wp-json\/wp\/v2\/comments?post=50"}],"version-history":[{"count":3,"href":"http:\/\/villareal.se\/hemsida\/wp-json\/wp\/v2\/posts\/50\/revisions"}],"predecessor-version":[{"id":382,"href":"http:\/\/villareal.se\/hemsida\/wp-json\/wp\/v2\/posts\/50\/revisions\/382"}],"wp:attachment":[{"href":"http:\/\/villareal.se\/hemsida\/wp-json\/wp\/v2\/media?parent=50"}],"wp:term":[{"taxonomy":"category","embeddable":true,"href":"http:\/\/villareal.se\/hemsida\/wp-json\/wp\/v2\/categories?post=50"},{"taxonomy":"post_tag","embeddable":true,"href":"http:\/\/villareal.se\/hemsida\/wp-json\/wp\/v2\/tags?post=50"}],"curies":[{"name":"wp","href":"https:\/\/api.w.org\/{rel}","templated":true}]}}