{"id":195,"date":"2015-01-11T11:22:07","date_gmt":"2015-01-11T11:22:07","guid":{"rendered":"http:\/\/villareal.se\/hemsida\/?p=195"},"modified":"2020-11-02T15:07:15","modified_gmt":"2020-11-02T15:07:15","slug":"gym_motionslokal","status":"publish","type":"post","link":"http:\/\/villareal.se\/hemsida\/gym_motionslokal\/","title":{"rendered":"Gym_Motionslokal"},"content":{"rendered":"<p>&nbsp;<\/p>\n<p><img loading=\"lazy\" class=\"alignnone wp-image-180\" src=\"http:\/\/villareal.se\/hemsida\/wp-content\/uploads\/2014\/12\/Gym.png\" alt=\"Gym\" width=\"579\" height=\"576\" \/><\/p>\n<p>Gymmet invigdes i dec 2014<\/p>\n<p>&nbsp;<\/p>\n<p>V\u00e4lkommen till v\u00e5rt gym!<\/p>\n<p>Hoppas att du f\u00e5r ett bra tr\u00e4ningspass! F\u00f6r att h\u00e5lla lokalen fr\u00e4sch s\u00e5 \u00e4r vi tacksamma om du tar h\u00e4nsyn till n\u00e5gra enkla f\u00f6rh\u00e5llningsregler<\/p>\n<p>&#8211; Anv\u00e4nd inneskor i gymmet<\/p>\n<p>&#8211; L\u00e4gg tillbaka redskap efter du anv\u00e4nt dem<\/p>\n<p>&#8211; Torka av redskapen n\u00e4r du anv\u00e4nt dem.<\/p>\n<p>&#8211; Sl\u00e4ck ljuset n\u00e4r du l\u00e4mnar lokalen<\/p>\n<p>Kontakta styrelsen om du har n\u00e5gra synpunkter.<\/p>\n<p>Tack f\u00f6r att du hj\u00e4lper till att h\u00e5lla dig sj\u00e4lv och v\u00e5rt gym i topptrim!<br \/>\nHalmstad 9 januari 2015<br \/>\nStyrelsen<br \/>\nBrf Villa Real<\/p>\n<p>Manualer f\u00f6r tr\u00e4ningsmaskinerna finns under:<\/p>\n<p>Dokument-Alla-Manualer tr\u00e4ningsmaskiner<\/p>\n<p><a href=\"http:\/\/villareal.se\/hemsida\/dokument-alla\/#elf_l1_TWFudWFsZXIgdHLDpG5pbmdzbWFza2luZXI\">http:\/\/villareal.se\/hemsida\/dokument-alla\/#elf_l1_TWFudWFsZXIgdHLDpG5pbmdzbWFza2luZXI<\/a><\/p>\n<p>&nbsp;<\/p>\n","protected":false},"excerpt":{"rendered":"<p>&nbsp; Gymmet invigdes i dec 2014 &nbsp; V\u00e4lkommen till v\u00e5rt gym! Hoppas att du f\u00e5r ett bra tr\u00e4ningspass! F\u00f6r att h\u00e5lla lokalen fr\u00e4sch s\u00e5 \u00e4r vi tacksamma om du tar h\u00e4nsyn till n\u00e5gra enkla f\u00f6rh\u00e5llningsregler &#8211; Anv\u00e4nd inneskor i gymmet &#8211; L\u00e4gg tillbaka redskap efter du anv\u00e4nt dem &#8211; Torka av redskapen n\u00e4r du anv\u00e4nt &#8230; <span class=\"more\"><a class=\"more-link\" href=\"http:\/\/villareal.se\/hemsida\/gym_motionslokal\/\">[L\u00e4s mer&#8230;]<\/a><\/span><\/p>\n","protected":false},"author":2,"featured_media":0,"comment_status":"closed","ping_status":"closed","sticky":false,"template":"","format":"standard","meta":[],"categories":[31],"tags":[],"_links":{"self":[{"href":"http:\/\/villareal.se\/hemsida\/wp-json\/wp\/v2\/posts\/195"}],"collection":[{"href":"http:\/\/villareal.se\/hemsida\/wp-json\/wp\/v2\/posts"}],"about":[{"href":"http:\/\/villareal.se\/hemsida\/wp-json\/wp\/v2\/types\/post"}],"author":[{"embeddable":true,"href":"http:\/\/villareal.se\/hemsida\/wp-json\/wp\/v2\/users\/2"}],"replies":[{"embeddable":true,"href":"http:\/\/villareal.se\/hemsida\/wp-json\/wp\/v2\/comments?post=195"}],"version-history":[{"count":7,"href":"http:\/\/villareal.se\/hemsida\/wp-json\/wp\/v2\/posts\/195\/revisions"}],"predecessor-version":[{"id":627,"href":"http:\/\/villareal.se\/hemsida\/wp-json\/wp\/v2\/posts\/195\/revisions\/627"}],"wp:attachment":[{"href":"http:\/\/villareal.se\/hemsida\/wp-json\/wp\/v2\/media?parent=195"}],"wp:term":[{"taxonomy":"category","embeddable":true,"href":"http:\/\/villareal.se\/hemsida\/wp-json\/wp\/v2\/categories?post=195"},{"taxonomy":"post_tag","embeddable":true,"href":"http:\/\/villareal.se\/hemsida\/wp-json\/wp\/v2\/tags?post=195"}],"curies":[{"name":"wp","href":"https:\/\/api.w.org\/{rel}","templated":true}]}}